{"id":119,"date":"2015-02-25T20:08:41","date_gmt":"2015-02-25T19:08:41","guid":{"rendered":"http:\/\/wolfsreise.d-l-w.de\/?p=119"},"modified":"2018-06-22T15:40:06","modified_gmt":"2018-06-22T13:40:06","slug":"die-erste-verabredung-steht","status":"publish","type":"post","link":"http:\/\/wolfsreise.d-l-w.de\/?p=119","title":{"rendered":"Die erste Verabredung steht"},"content":{"rendered":"<p>Ja, jetzt wird es mehr und mehr ernst. Meine Abreise nach Evora r\u00fcckt immer n\u00e4her. Eine Wohnung im alten Stadtkern habe ich schon gemietet. Sie hat sogar eine Heizung, was im M\u00e4rz wohl nicht schaden kann. Es ist bis April doch noch &#8222;kalt&#8220;, 7 Grad keine Seltenheit.<br \/>\nUnd seit heute ist mein erstes Treffen an der Hochschule fixiert. Moderate 14.30 Uhr am Montag. Das Modul Tourismus startet erst, wenn ich richtig verstehe, nach Ostern. Ich bin sehr gespannt auf den Lehrplan, das Lehrkonzeptes und meine M\u00f6glichkeiten daran mitzuwirken.<br \/>\nUnd nat\u00fcrlich hoffe ich viel Neues zu sehen und zu lernen &#8230;<\/p>\n","protected":false},"excerpt":{"rendered":"<p>Ja, jetzt wird es mehr und mehr ernst. Meine Abreise nach Evora r\u00fcckt immer n\u00e4her. Eine Wohnung im alten Stadtkern habe ich schon gemietet. Sie hat sogar eine Heizung, was im M\u00e4rz wohl nicht schaden kann. Es ist bis April doch noch &#8222;kalt&#8220;, 7 Grad keine Seltenheit. Und seit heute ist mein erstes Treffen an &hellip; <\/p>\n<p class=\"link-more\"><a href=\"http:\/\/wolfsreise.d-l-w.de\/?p=119\" class=\"more-link\"><span class=\"screen-reader-text\">\u201eDie erste Verabredung steht\u201c<\/span> weiterlesen<\/a><\/p>\n","protected":false},"author":2,"featured_media":0,"comment_status":"open","ping_status":"open","sticky":false,"template":"","format":"standard","meta":{"footnotes":""},"categories":[8],"tags":[],"class_list":["post-119","post","type-post","status-publish","format-standard","hentry","category-portugal"],"_links":{"self":[{"href":"http:\/\/wolfsreise.d-l-w.de\/index.php?rest_route=\/wp\/v2\/posts\/119"}],"collection":[{"href":"http:\/\/wolfsreise.d-l-w.de\/index.php?rest_route=\/wp\/v2\/posts"}],"about":[{"href":"http:\/\/wolfsreise.d-l-w.de\/index.php?rest_route=\/wp\/v2\/types\/post"}],"author":[{"embeddable":true,"href":"http:\/\/wolfsreise.d-l-w.de\/index.php?rest_route=\/wp\/v2\/users\/2"}],"replies":[{"embeddable":true,"href":"http:\/\/wolfsreise.d-l-w.de\/index.php?rest_route=%2Fwp%2Fv2%2Fcomments&post=119"}],"version-history":[{"count":1,"href":"http:\/\/wolfsreise.d-l-w.de\/index.php?rest_route=\/wp\/v2\/posts\/119\/revisions"}],"predecessor-version":[{"id":120,"href":"http:\/\/wolfsreise.d-l-w.de\/index.php?rest_route=\/wp\/v2\/posts\/119\/revisions\/120"}],"wp:attachment":[{"href":"http:\/\/wolfsreise.d-l-w.de\/index.php?rest_route=%2Fwp%2Fv2%2Fmedia&parent=119"}],"wp:term":[{"taxonomy":"category","embeddable":true,"href":"http:\/\/wolfsreise.d-l-w.de\/index.php?rest_route=%2Fwp%2Fv2%2Fcategories&post=119"},{"taxonomy":"post_tag","embeddable":true,"href":"http:\/\/wolfsreise.d-l-w.de\/index.php?rest_route=%2Fwp%2Fv2%2Ftags&post=119"}],"curies":[{"name":"wp","href":"https:\/\/api.w.org\/{rel}","templated":true}]}}