{"id":1185,"date":"2019-05-14T12:04:06","date_gmt":"2019-05-14T10:04:06","guid":{"rendered":"http:\/\/wolfsreise.d-l-w.de\/?p=1185"},"modified":"2019-05-14T23:25:22","modified_gmt":"2019-05-14T21:25:22","slug":"miniwanderung-in-und-um-malans","status":"publish","type":"post","link":"http:\/\/wolfsreise.d-l-w.de\/?p=1185","title":{"rendered":"Miniwanderung in und um Malans"},"content":{"rendered":"\n<p>Zwischen Regenschauern, Windb\u00f6hen und durch feuchte Wiesen gehen wir mit der kalten Sophie in und rund um Malans. Was haben wir entdeckt?<\/p>\n\n\n\n<p><\/p>\n\n\n\n<figure class=\"wp-block-image\"><img loading=\"lazy\" decoding=\"async\" width=\"640\" height=\"480\" src=\"http:\/\/wolfsreise.d-l-w.de\/wp-content\/uploads\/2019\/05\/C5C9F312-9C54-4DAE-AE0F-49E385205388.jpeg\" alt=\"\" class=\"wp-image-1186\" srcset=\"http:\/\/wolfsreise.d-l-w.de\/wp-content\/uploads\/2019\/05\/C5C9F312-9C54-4DAE-AE0F-49E385205388.jpeg 640w, http:\/\/wolfsreise.d-l-w.de\/wp-content\/uploads\/2019\/05\/C5C9F312-9C54-4DAE-AE0F-49E385205388-150x113.jpeg 150w, http:\/\/wolfsreise.d-l-w.de\/wp-content\/uploads\/2019\/05\/C5C9F312-9C54-4DAE-AE0F-49E385205388-300x225.jpeg 300w\" sizes=\"(max-width: 640px) 100vw, 640px\" \/><figcaption>Holzg\u00e4nse  futtern nix weg! &#8211; Schnitzarbeiten vom Malanser K\u00fcnstler Peter Leisinger. Seine Arbeiten stehen \u00fcberall und \u00fcberraschend in der Landschaft<\/figcaption><\/figure>\n\n\n\n<figure class=\"wp-block-image\"><img loading=\"lazy\" decoding=\"async\" width=\"640\" height=\"480\" src=\"http:\/\/wolfsreise.d-l-w.de\/wp-content\/uploads\/2019\/05\/F2053747-950C-455F-AD35-7183094C8FE7.jpeg\" alt=\"\" class=\"wp-image-1187\" srcset=\"http:\/\/wolfsreise.d-l-w.de\/wp-content\/uploads\/2019\/05\/F2053747-950C-455F-AD35-7183094C8FE7.jpeg 640w, http:\/\/wolfsreise.d-l-w.de\/wp-content\/uploads\/2019\/05\/F2053747-950C-455F-AD35-7183094C8FE7-150x113.jpeg 150w, http:\/\/wolfsreise.d-l-w.de\/wp-content\/uploads\/2019\/05\/F2053747-950C-455F-AD35-7183094C8FE7-300x225.jpeg 300w\" sizes=\"(max-width: 640px) 100vw, 640px\" \/><figcaption>Mehr Romantik gibt\u2019s nur noch wenn die Sonne scheint!<\/figcaption><\/figure>\n\n\n\n<figure class=\"wp-block-image\"><img loading=\"lazy\" decoding=\"async\" width=\"640\" height=\"480\" src=\"http:\/\/wolfsreise.d-l-w.de\/wp-content\/uploads\/2019\/05\/B6C5D5AC-3B87-484A-9057-B8493D956A8C.jpeg\" alt=\"\" class=\"wp-image-1188\" srcset=\"http:\/\/wolfsreise.d-l-w.de\/wp-content\/uploads\/2019\/05\/B6C5D5AC-3B87-484A-9057-B8493D956A8C.jpeg 640w, http:\/\/wolfsreise.d-l-w.de\/wp-content\/uploads\/2019\/05\/B6C5D5AC-3B87-484A-9057-B8493D956A8C-150x113.jpeg 150w, http:\/\/wolfsreise.d-l-w.de\/wp-content\/uploads\/2019\/05\/B6C5D5AC-3B87-484A-9057-B8493D956A8C-300x225.jpeg 300w\" sizes=\"(max-width: 640px) 100vw, 640px\" \/><figcaption>Graub\u00fcndener Bergbauer mit Schiefmaul, der auf einer Bank noch einen Platz neben sich freih\u00e4lt (ebenfalls von P. Leisinger)<\/figcaption><\/figure>\n\n\n\n<p>\u201e<strong>Getrieben von der Lust am Leben und Entdecken&nbsp;<\/strong><br>Peter Leisinger hat einen wechselvollen Lebens-weg hinter sich. Er war Arzt und Psychotherapeut, arbeitete in Indien und Bhutan. Sein k\u00fcnstlerisches Schaffen begleitete ihn an all seinen Stationen. Ein Gespr\u00e4ch \u00fcber den Wert des Reisens, den Werkstoff Holz und seine Zusammenarbeit mit seiner Frau Maria.\u201c (DU-Magazin 891, Internet 14.5.19)<\/p>\n","protected":false},"excerpt":{"rendered":"<p>Zwischen Regenschauern, Windb\u00f6hen und durch feuchte Wiesen gehen wir mit der kalten Sophie in und rund um Malans. Was haben wir entdeckt? \u201eGetrieben von der Lust am Leben und Entdecken&nbsp;Peter Leisinger hat einen wechselvollen Lebens-weg hinter sich. Er war Arzt und Psychotherapeut, arbeitete in Indien und Bhutan. Sein k\u00fcnstlerisches Schaffen begleitete ihn an all seinen &hellip; <\/p>\n<p class=\"link-more\"><a href=\"http:\/\/wolfsreise.d-l-w.de\/?p=1185\" class=\"more-link\"><span class=\"screen-reader-text\">\u201eMiniwanderung in und um Malans\u201c<\/span> weiterlesen<\/a><\/p>\n","protected":false},"author":2,"featured_media":0,"comment_status":"open","ping_status":"open","sticky":false,"template":"","format":"standard","meta":{"footnotes":""},"categories":[9],"tags":[],"class_list":["post-1185","post","type-post","status-publish","format-standard","hentry","category-europa-2019"],"_links":{"self":[{"href":"http:\/\/wolfsreise.d-l-w.de\/index.php?rest_route=\/wp\/v2\/posts\/1185"}],"collection":[{"href":"http:\/\/wolfsreise.d-l-w.de\/index.php?rest_route=\/wp\/v2\/posts"}],"about":[{"href":"http:\/\/wolfsreise.d-l-w.de\/index.php?rest_route=\/wp\/v2\/types\/post"}],"author":[{"embeddable":true,"href":"http:\/\/wolfsreise.d-l-w.de\/index.php?rest_route=\/wp\/v2\/users\/2"}],"replies":[{"embeddable":true,"href":"http:\/\/wolfsreise.d-l-w.de\/index.php?rest_route=%2Fwp%2Fv2%2Fcomments&post=1185"}],"version-history":[{"count":7,"href":"http:\/\/wolfsreise.d-l-w.de\/index.php?rest_route=\/wp\/v2\/posts\/1185\/revisions"}],"predecessor-version":[{"id":1198,"href":"http:\/\/wolfsreise.d-l-w.de\/index.php?rest_route=\/wp\/v2\/posts\/1185\/revisions\/1198"}],"wp:attachment":[{"href":"http:\/\/wolfsreise.d-l-w.de\/index.php?rest_route=%2Fwp%2Fv2%2Fmedia&parent=1185"}],"wp:term":[{"taxonomy":"category","embeddable":true,"href":"http:\/\/wolfsreise.d-l-w.de\/index.php?rest_route=%2Fwp%2Fv2%2Fcategories&post=1185"},{"taxonomy":"post_tag","embeddable":true,"href":"http:\/\/wolfsreise.d-l-w.de\/index.php?rest_route=%2Fwp%2Fv2%2Ftags&post=1185"}],"curies":[{"name":"wp","href":"https:\/\/api.w.org\/{rel}","templated":true}]}}