{"id":1169,"date":"2019-05-13T08:38:42","date_gmt":"2019-05-13T06:38:42","guid":{"rendered":"http:\/\/wolfsreise.d-l-w.de\/?p=1169"},"modified":"2019-05-14T23:28:53","modified_gmt":"2019-05-14T21:28:53","slug":"ein-katzensprung-bis-malans","status":"publish","type":"post","link":"http:\/\/wolfsreise.d-l-w.de\/?p=1169","title":{"rendered":"Ein Katzensprung bis Malans"},"content":{"rendered":"\n<p>Um endlich die M\u00f6bel abzuliefern starte ich am Donnerstag &#8211; nach einem sehr verregneten Mittwoch in Franken &#8211; in Richtung Schweiz. Ein Abstecher, der lohnt, ist das Museum Liechtenstein in Vaduz. Modernste Architektur eingezw\u00e4ngt in das Alte, bewacht vom Schloss der F\u00fcrstenfamilie. Au\u00dfer mir sind noch jede Menge Japaner da &#8230; Klick, klick, klick &#8230;<\/p>\n\n\n\n<p>In Malans angekommen, bastle ich den Bus r\u00fcckw\u00e4rts in die schmale Garteneinfahrt. Schwei\u00dfgebadet! Gl\u00fccklich geschafft!<\/p>\n\n\n\n<p>Uwe\u2018s Auto passt nicht davor, das Tor ist nicht mehr zu schlie\u00dfen, Fahrr\u00e4der abbauen, Klappe schlie\u00dfen, weiter zur\u00fcck &#8230; endlich fertig!<\/p>\n\n\n\n<p><strong>Agra &#8211; Italien, das Land der Tr\u00e4ume von Goethe bis heute, in dem nicht nur die Zitronen bl\u00fchen, auch ein wilder Wald, der nun Maggi und Uwe geh\u00f6rt<\/strong><\/p>\n\n\n\n<p>Freitag starten Uwe und ich nach Agra. Teilm\u00f6bellieferung, Hausbegehung, Gartenbesichtigung, Ideen \u00fcber Ideen purzeln und Uwe tr\u00e4umt: Pool am Haus (mit Tauchsieder f\u00fcr den Winter), bequeme Gartenwege, reiche Obsternte, Maronenmehl und -torte und und und! An der Grenze der Selbstversorgung.<\/p>\n\n\n\n<p>Und schon ist es nach getaner Gartenarbeit, gutem Essen, w\u00e4rmenden Kaminfeuer (die kalte Sophie ist auch da) Samstagabend geworden &#8211; Zeit Maggi in Malans aufzugabeln.<\/p>\n\n\n\n<p><strong>Ein regnerischer Museumssonntag in Chur oder \u201eAus der Tiefe der Zeit\u201c<\/strong><\/p>\n\n\n\n<p>Zu dritt unternehmen wir im Dauerregen einen Ausflug nach Chur, allerdings mit einem Abstecher in die Katzenklinik. Das arme Tier hat Blasenentz\u00fcndung und muss da bleiben, darf nicht ins Museum.<\/p>\n\n\n\n<p>Wir schauen uns das Mammutwerk von Martin Disler an, der 1981 in einem 4-t\u00e4gigen Rausch ein 140m und 4,4m hohes Wandbild kreiert hat: das Blut in Fluss halten. \u201eWas f\u00fcr ein Panorama? Sexpanorama, monstr\u00f6se Liebespaare, Sittengeschichte\u201c, expressiv, aggressiv, verst\u00f6rend, beeindruckend und absto\u00dfend zugleich.<\/p>\n\n\n\n<figure class=\"wp-block-image\"><img loading=\"lazy\" decoding=\"async\" width=\"640\" height=\"480\" src=\"http:\/\/wolfsreise.d-l-w.de\/wp-content\/uploads\/2019\/05\/B4736E87-E7EC-4A6D-A2CE-7160D006E586.jpeg\" alt=\"\" class=\"wp-image-1177\" srcset=\"http:\/\/wolfsreise.d-l-w.de\/wp-content\/uploads\/2019\/05\/B4736E87-E7EC-4A6D-A2CE-7160D006E586.jpeg 640w, http:\/\/wolfsreise.d-l-w.de\/wp-content\/uploads\/2019\/05\/B4736E87-E7EC-4A6D-A2CE-7160D006E586-150x113.jpeg 150w, http:\/\/wolfsreise.d-l-w.de\/wp-content\/uploads\/2019\/05\/B4736E87-E7EC-4A6D-A2CE-7160D006E586-300x225.jpeg 300w\" sizes=\"(max-width: 640px) 100vw, 640px\" \/><figcaption>Martin Disler 1981: Das Blut in Fluss halten<\/figcaption><\/figure>\n\n\n\n<p>Eine F\u00fchrung durch die weitere Ausstellung \u201eAus der Tiefe der Zeit\u201c mit dem beeindruckenden Kunsthistoriker Nay er\u00f6ffnet einen Einblick in die Graub\u00fcndener Kunst des Vormittelalters bis zur beginnenden Neuzeit und ist spannend, Lehrreich und wunderbar pr\u00e4sentiert. Ein Vormittag, den wir mit einem gediegenen Mittagsmahl \u201eSonntags in der kleinen Stadt\u201c beschlie\u00dfen.<\/p>\n\n\n\n<p>Und immer noch Regen. Sich regen bringt Segen, oder wie?&nbsp;<\/p>\n\n\n\n<figure class=\"wp-block-image\"><img loading=\"lazy\" decoding=\"async\" width=\"728\" height=\"1024\" src=\"http:\/\/wolfsreise.d-l-w.de\/wp-content\/uploads\/2019\/05\/9695A22A-554B-43D7-A3D8-4A4FEE212A3E-728x1024.jpeg\" alt=\"\" class=\"wp-image-1172\" srcset=\"http:\/\/wolfsreise.d-l-w.de\/wp-content\/uploads\/2019\/05\/9695A22A-554B-43D7-A3D8-4A4FEE212A3E-728x1024.jpeg 728w, http:\/\/wolfsreise.d-l-w.de\/wp-content\/uploads\/2019\/05\/9695A22A-554B-43D7-A3D8-4A4FEE212A3E-107x150.jpeg 107w, http:\/\/wolfsreise.d-l-w.de\/wp-content\/uploads\/2019\/05\/9695A22A-554B-43D7-A3D8-4A4FEE212A3E-213x300.jpeg 213w, http:\/\/wolfsreise.d-l-w.de\/wp-content\/uploads\/2019\/05\/9695A22A-554B-43D7-A3D8-4A4FEE212A3E-768x1080.jpeg 768w, http:\/\/wolfsreise.d-l-w.de\/wp-content\/uploads\/2019\/05\/9695A22A-554B-43D7-A3D8-4A4FEE212A3E.jpeg 1363w\" sizes=\"(max-width: 728px) 100vw, 728px\" \/><figcaption>Tanzende Salome, Wandmalerei um 1200, unbekannte Malerwerkstatt, B\u00fcndener Kunstmuseum Chur, Mai 2019<\/figcaption><\/figure>\n","protected":false},"excerpt":{"rendered":"<p>Um endlich die M\u00f6bel abzuliefern starte ich am Donnerstag &#8211; nach einem sehr verregneten Mittwoch in Franken &#8211; in Richtung Schweiz. Ein Abstecher, der lohnt, ist das Museum Liechtenstein in Vaduz. Modernste Architektur eingezw\u00e4ngt in das Alte, bewacht vom Schloss der F\u00fcrstenfamilie. Au\u00dfer mir sind noch jede Menge Japaner da &#8230; Klick, klick, klick &#8230; &hellip; <\/p>\n<p class=\"link-more\"><a href=\"http:\/\/wolfsreise.d-l-w.de\/?p=1169\" class=\"more-link\"><span class=\"screen-reader-text\">\u201eEin Katzensprung bis Malans\u201c<\/span> weiterlesen<\/a><\/p>\n","protected":false},"author":2,"featured_media":0,"comment_status":"open","ping_status":"open","sticky":false,"template":"","format":"standard","meta":{"footnotes":""},"categories":[9],"tags":[],"class_list":["post-1169","post","type-post","status-publish","format-standard","hentry","category-europa-2019"],"_links":{"self":[{"href":"http:\/\/wolfsreise.d-l-w.de\/index.php?rest_route=\/wp\/v2\/posts\/1169"}],"collection":[{"href":"http:\/\/wolfsreise.d-l-w.de\/index.php?rest_route=\/wp\/v2\/posts"}],"about":[{"href":"http:\/\/wolfsreise.d-l-w.de\/index.php?rest_route=\/wp\/v2\/types\/post"}],"author":[{"embeddable":true,"href":"http:\/\/wolfsreise.d-l-w.de\/index.php?rest_route=\/wp\/v2\/users\/2"}],"replies":[{"embeddable":true,"href":"http:\/\/wolfsreise.d-l-w.de\/index.php?rest_route=%2Fwp%2Fv2%2Fcomments&post=1169"}],"version-history":[{"count":3,"href":"http:\/\/wolfsreise.d-l-w.de\/index.php?rest_route=\/wp\/v2\/posts\/1169\/revisions"}],"predecessor-version":[{"id":1199,"href":"http:\/\/wolfsreise.d-l-w.de\/index.php?rest_route=\/wp\/v2\/posts\/1169\/revisions\/1199"}],"wp:attachment":[{"href":"http:\/\/wolfsreise.d-l-w.de\/index.php?rest_route=%2Fwp%2Fv2%2Fmedia&parent=1169"}],"wp:term":[{"taxonomy":"category","embeddable":true,"href":"http:\/\/wolfsreise.d-l-w.de\/index.php?rest_route=%2Fwp%2Fv2%2Fcategories&post=1169"},{"taxonomy":"post_tag","embeddable":true,"href":"http:\/\/wolfsreise.d-l-w.de\/index.php?rest_route=%2Fwp%2Fv2%2Ftags&post=1169"}],"curies":[{"name":"wp","href":"https:\/\/api.w.org\/{rel}","templated":true}]}}