{"id":1156,"date":"2019-05-09T22:11:57","date_gmt":"2019-05-09T20:11:57","guid":{"rendered":"http:\/\/wolfsreise.d-l-w.de\/?p=1156"},"modified":"2019-05-09T22:19:56","modified_gmt":"2019-05-09T20:19:56","slug":"zwischenstopp-in-franken","status":"publish","type":"post","link":"http:\/\/wolfsreise.d-l-w.de\/?p=1156","title":{"rendered":"Zwischenstopp in Franken"},"content":{"rendered":"\n<p>Wir starten nach Franken, um dort bis Mittwoch zu bleiben. Dann f\u00e4hrt Gerd wieder nach Hannover. Bis dahin m\u00fcssen wir wissen, was wir noch nicht mitgenommen haben. Es f\u00e4ngt schon an: Teekanne von der Post abholen (neu bestellt), Micropur f\u00fcr steriles Wasser noch einpacken. Wer wei\u00df, was noch dazu kommt? Noch habe wir eine Woche Gnadenfrist.<\/p>\n\n\n\n<p>In Iphofen wohnen wir nicht im Bus, geht ja nicht. Ist voller M\u00f6bel. Wir haben das Mainbernheimer Stadttor gemietet, steile Treppen mit dem Hinweis das letzte Glas Wein \u201eoben\u201c zu trinken. Dem Hinweis leisten wir Folge! <\/p>\n\n\n\n<div class=\"wp-block-image\"><figure class=\"alignright is-resized\"><img loading=\"lazy\" decoding=\"async\" src=\"http:\/\/wolfsreise.d-l-w.de\/wp-content\/uploads\/2019\/05\/IMG_4367-e1557432763645.jpg\" alt=\"\" class=\"wp-image-1158\" width=\"240\" height=\"320\" srcset=\"http:\/\/wolfsreise.d-l-w.de\/wp-content\/uploads\/2019\/05\/IMG_4367-e1557432763645.jpg 480w, http:\/\/wolfsreise.d-l-w.de\/wp-content\/uploads\/2019\/05\/IMG_4367-e1557432763645-113x150.jpg 113w, http:\/\/wolfsreise.d-l-w.de\/wp-content\/uploads\/2019\/05\/IMG_4367-e1557432763645-225x300.jpg 225w\" sizes=\"(max-width: 240px) 100vw, 240px\" \/><figcaption>Die erste Treppe<\/figcaption><\/figure><\/div>\n\n\n\n<div class=\"wp-block-image\"><figure class=\"alignleft is-resized\"><img loading=\"lazy\" decoding=\"async\" src=\"http:\/\/wolfsreise.d-l-w.de\/wp-content\/uploads\/2019\/05\/IMG_4365-e1557432631666.jpg\" alt=\"\" class=\"wp-image-1157\" width=\"240\" height=\"320\" srcset=\"http:\/\/wolfsreise.d-l-w.de\/wp-content\/uploads\/2019\/05\/IMG_4365-e1557432631666.jpg 480w, http:\/\/wolfsreise.d-l-w.de\/wp-content\/uploads\/2019\/05\/IMG_4365-e1557432631666-113x150.jpg 113w, http:\/\/wolfsreise.d-l-w.de\/wp-content\/uploads\/2019\/05\/IMG_4365-e1557432631666-225x300.jpg 225w\" sizes=\"(max-width: 240px) 100vw, 240px\" \/><figcaption>Mainbernheimer Tor in Iphofen<\/figcaption><\/figure><\/div>\n\n\n\n<p><\/p>\n\n\n\n<p>Der Tag im Fr\u00e4nkischen&nbsp;<\/p>\n\n\n\n<p>Er beginnt, wie sollte es anders sein, mit dem ultimativen Besuch bei den <a href=\"http:\/\/www.3-zeilen.de\">Winzern 3-Zeilen<\/a>. 6 Flaschen Spontanverg\u00e4rung d\u00fcrfen auf jeden Fall mit in die Schweiz. Eine ordentliche Brotzeit muss folgen, ein halbsonniger Spaziergang und endlich Siesta. Auf zwei Flammen will Gerd zwei T\u00f6pfe (ohne Deckel) und eine Pfanne unterbringen: Spargel satt, ein fr\u00fcher Vorgeschmack auf Italien, denn von dort kommen die neuen Kartoffeln und mangels Schinken ein kleines Schnitzelchen. Eines ist sonnenklar. Die Minik\u00fcche im Bus ist besser ausgestattet als der Turm, in dem wir wohnen. Aber es geht auch so!<br>Mittwoch f\u00e4hrt Gerd wieder nach Hause und ich mache mich auf in die Schweiz zu Maggi und Uwe. Irgendwie m\u00fcssen die M\u00f6bel endlich raus aus dem Bus. Aber zuvor werde ich Station in Vaduz machen und dort die gesammelte Kunst betrachten&#8230;<br><\/p>\n","protected":false},"excerpt":{"rendered":"<p>Wir starten nach Franken, um dort bis Mittwoch zu bleiben. Dann f\u00e4hrt Gerd wieder nach Hannover. Bis dahin m\u00fcssen wir wissen, was wir noch nicht mitgenommen haben. Es f\u00e4ngt schon an: Teekanne von der Post abholen (neu bestellt), Micropur f\u00fcr steriles Wasser noch einpacken. Wer wei\u00df, was noch dazu kommt? Noch habe wir eine Woche &hellip; <\/p>\n<p class=\"link-more\"><a href=\"http:\/\/wolfsreise.d-l-w.de\/?p=1156\" class=\"more-link\"><span class=\"screen-reader-text\">\u201eZwischenstopp in Franken\u201c<\/span> weiterlesen<\/a><\/p>\n","protected":false},"author":1,"featured_media":0,"comment_status":"open","ping_status":"open","sticky":false,"template":"","format":"standard","meta":{"footnotes":""},"categories":[9],"tags":[],"class_list":["post-1156","post","type-post","status-publish","format-standard","hentry","category-europa-2019"],"_links":{"self":[{"href":"http:\/\/wolfsreise.d-l-w.de\/index.php?rest_route=\/wp\/v2\/posts\/1156"}],"collection":[{"href":"http:\/\/wolfsreise.d-l-w.de\/index.php?rest_route=\/wp\/v2\/posts"}],"about":[{"href":"http:\/\/wolfsreise.d-l-w.de\/index.php?rest_route=\/wp\/v2\/types\/post"}],"author":[{"embeddable":true,"href":"http:\/\/wolfsreise.d-l-w.de\/index.php?rest_route=\/wp\/v2\/users\/1"}],"replies":[{"embeddable":true,"href":"http:\/\/wolfsreise.d-l-w.de\/index.php?rest_route=%2Fwp%2Fv2%2Fcomments&post=1156"}],"version-history":[{"count":6,"href":"http:\/\/wolfsreise.d-l-w.de\/index.php?rest_route=\/wp\/v2\/posts\/1156\/revisions"}],"predecessor-version":[{"id":1166,"href":"http:\/\/wolfsreise.d-l-w.de\/index.php?rest_route=\/wp\/v2\/posts\/1156\/revisions\/1166"}],"wp:attachment":[{"href":"http:\/\/wolfsreise.d-l-w.de\/index.php?rest_route=%2Fwp%2Fv2%2Fmedia&parent=1156"}],"wp:term":[{"taxonomy":"category","embeddable":true,"href":"http:\/\/wolfsreise.d-l-w.de\/index.php?rest_route=%2Fwp%2Fv2%2Fcategories&post=1156"},{"taxonomy":"post_tag","embeddable":true,"href":"http:\/\/wolfsreise.d-l-w.de\/index.php?rest_route=%2Fwp%2Fv2%2Ftags&post=1156"}],"curies":[{"name":"wp","href":"https:\/\/api.w.org\/{rel}","templated":true}]}}