{"id":1154,"date":"2019-05-09T22:00:57","date_gmt":"2019-05-09T20:00:57","guid":{"rendered":"http:\/\/wolfsreise.d-l-w.de\/?p=1154"},"modified":"2019-05-09T22:01:56","modified_gmt":"2019-05-09T20:01:56","slug":"die-ersten-tage","status":"publish","type":"post","link":"http:\/\/wolfsreise.d-l-w.de\/?p=1154","title":{"rendered":"Die ersten Tage"},"content":{"rendered":"\n<p>Kommode rein, Kommode raus, St\u00fchle rein, St\u00fchle raus, Spaten rein, Spaten raus und so weiter<\/p>\n\n\n\n<p>Die Busreise startet mit m\u00f6blierten Hindernissen. Weil Gerds Elternhaus leer werden muss und m\u00f6glichst wenig auf dem M\u00fcll landen soll, haben Maggi und Uwe ihre W\u00fcnsche angemeldet. Wir befolgen Sie gern, aber f\u00fcr uns bleibt in der ersten Woche wenig Platz im Bus. Die Vordersitze sind auf Kante vorgezogen, die Schubladen der Kommode vollgestopft und 4 St\u00fchle blockieren den Rest der freien Fl\u00e4che. Oh, wir haben uns abgefunden. In Unkel w\u00e4hrend der Konfirmation m\u00fcssen wir aber im Bus schlafen, also wieder raus mit dem Zeug &#8211; auch in Hannover musste alles schon mal raus, schlie\u00dflich will der Bus erstmals f\u00fcr Europa gepackt werden: was darf mit, was muss mit, was muss zu Hause bleiben?<br>Als erstes verabschieden wir uns von kleinen Koffern, unsere sind offenbar gr\u00f6\u00dfer als die von Theis und Ruth. Wir stopfen alles in eine Kiste (jeder bekommt eine) und wir werden suchen&#8230;<br>Dann stellt sich die Frage nach der K\u00fcchenausstattung. Der von mir gew\u00e4hlte Topf wird vom Chefkoch als zu klein begutachtet. Also ein gr\u00f6\u00dferer. Ok! Dann: wohin mit der gro\u00dfen Standluftpumpe? Brauchen wir die wirklich? Offensichtlich. Pl\u00f6tzlichen soll die zweite Kochplatte aus Platzgr\u00fcnden zu Hause bleiben. Ich protestiere. Wer soll gro\u00dfe K\u00fcche f\u00fcr mich machen mit nur einem Gasfeld?<br>Ich schmuggle noch ein paar Kekse ins Auto und die Konfirmationsgeschenke m\u00fcssen auf jeden Fall mit. Und nein, keine Geldgeschenke&#8230; wie immer nicht, auch wenn sie hei\u00df ersehnt w\u00e4ren.<br>Hier noch ein 12V Adapter verstauen, dort noch ein Buch hineinzw\u00e4ngen &#8211; Schluss ist, alles andere wird neu gekauft, oder auch nicht.<\/p>\n\n\n\n<p>Wir fahren los, erst gegen 16:00 Uhr, um rechtzeitig die Staus des Ruhrgebiets mitzunehmen und landen in Unkel, ready for Pizza!<\/p>\n\n\n\n<p>Au\u00dferdem sind wir dankbar, dass wir eine Nacht im Haus schlafen d\u00fcrfen, die Nachttemperatur sinkt auf 0 Grad. Wir wollen. Sommer und kein Eis und Schnee! Erst die n\u00e4chste Nacht wird unsere erste und sehr kalte Nacht im Bus. Wir wissen es schon.<\/p>\n\n\n\n<p>Unkel &#8211; Munkel- Willi Brandt&#8230;<\/p>\n\n\n\n<p>Wir waren schon Freitag angereist, weil wir Zeit f\u00fcr das Wochenende der offenen Ateliers haben wollten. Aber der Tag beginnt mit Tischkarten-Design und endet mit Familiengrillen, aufgeregten Verwandten, gestressten Eltern und obercooler Konfirmandin. Alles ist sch\u00f6n, der Sonntag Misericordias Domini gestaltet sich domina m\u00e4\u00dfig, Aja gl\u00fccklich, Eltern erleichtert, Verwandte aufgekratzt. Ein \u201eErwachsenwerden\u201c mit zugewandter Begleitung in Freiheit. Was geht mehr?<\/p>\n\n\n\n<p>Kommode rein, St\u00fchle rein &#8211; hoffentlich zum letzten Mal&nbsp;<br><\/p>\n","protected":false},"excerpt":{"rendered":"<p>Kommode rein, Kommode raus, St\u00fchle rein, St\u00fchle raus, Spaten rein, Spaten raus und so weiter Die Busreise startet mit m\u00f6blierten Hindernissen. Weil Gerds Elternhaus leer werden muss und m\u00f6glichst wenig auf dem M\u00fcll landen soll, haben Maggi und Uwe ihre W\u00fcnsche angemeldet. Wir befolgen Sie gern, aber f\u00fcr uns bleibt in der ersten Woche wenig &hellip; <\/p>\n<p class=\"link-more\"><a href=\"http:\/\/wolfsreise.d-l-w.de\/?p=1154\" class=\"more-link\"><span class=\"screen-reader-text\">\u201eDie ersten Tage\u201c<\/span> weiterlesen<\/a><\/p>\n","protected":false},"author":1,"featured_media":0,"comment_status":"open","ping_status":"open","sticky":false,"template":"","format":"standard","meta":{"footnotes":""},"categories":[9],"tags":[],"class_list":["post-1154","post","type-post","status-publish","format-standard","hentry","category-europa-2019"],"_links":{"self":[{"href":"http:\/\/wolfsreise.d-l-w.de\/index.php?rest_route=\/wp\/v2\/posts\/1154"}],"collection":[{"href":"http:\/\/wolfsreise.d-l-w.de\/index.php?rest_route=\/wp\/v2\/posts"}],"about":[{"href":"http:\/\/wolfsreise.d-l-w.de\/index.php?rest_route=\/wp\/v2\/types\/post"}],"author":[{"embeddable":true,"href":"http:\/\/wolfsreise.d-l-w.de\/index.php?rest_route=\/wp\/v2\/users\/1"}],"replies":[{"embeddable":true,"href":"http:\/\/wolfsreise.d-l-w.de\/index.php?rest_route=%2Fwp%2Fv2%2Fcomments&post=1154"}],"version-history":[{"count":1,"href":"http:\/\/wolfsreise.d-l-w.de\/index.php?rest_route=\/wp\/v2\/posts\/1154\/revisions"}],"predecessor-version":[{"id":1155,"href":"http:\/\/wolfsreise.d-l-w.de\/index.php?rest_route=\/wp\/v2\/posts\/1154\/revisions\/1155"}],"wp:attachment":[{"href":"http:\/\/wolfsreise.d-l-w.de\/index.php?rest_route=%2Fwp%2Fv2%2Fmedia&parent=1154"}],"wp:term":[{"taxonomy":"category","embeddable":true,"href":"http:\/\/wolfsreise.d-l-w.de\/index.php?rest_route=%2Fwp%2Fv2%2Fcategories&post=1154"},{"taxonomy":"post_tag","embeddable":true,"href":"http:\/\/wolfsreise.d-l-w.de\/index.php?rest_route=%2Fwp%2Fv2%2Ftags&post=1154"}],"curies":[{"name":"wp","href":"https:\/\/api.w.org\/{rel}","templated":true}]}}