{"id":1135,"date":"2019-04-19T17:16:55","date_gmt":"2019-04-19T15:16:55","guid":{"rendered":"http:\/\/wolfsreise.d-l-w.de\/?p=1135"},"modified":"2022-05-18T09:33:11","modified_gmt":"2022-05-18T07:33:11","slug":"die-abreise-rueckt-naeher-mit-riesenschritten","status":"publish","type":"post","link":"http:\/\/wolfsreise.d-l-w.de\/?p=1135","title":{"rendered":"Die Abreise r\u00fcckt n\u00e4her, mit Riesenschritten"},"content":{"rendered":"\n<p>Noch sitze ich gem\u00fctlich in der Normandie zwischen bl\u00fchenden Apfelb\u00e4umen, wilden Veilchen,   zirpenden V\u00f6geln &#8211; sp\u00e4ter auf der Suche nach Osterhasen. <\/p>\n\n\n\n<p>Seit drei Wochen haben wir nun den alten Bus von Ruth und Theis (sie haben einen neuen, sch\u00f6nen gro\u00dfen) und Gerd hat, was f\u00fcr ein Gl\u00fcck, ein neues Spielzeug, das seine gesamten bastlerischen F\u00e4higkeiten erfordert. Und wof\u00fcr er st\u00e4ndig neue Ideen entwickeln kann. <\/p>\n\n\n\n<p>Dabei hat es ganz harmlos angefangen: ein Brett wieder richten, das Werkzeug in den daf\u00fcr vorgesehenen Kasten einsetzen. Und festschrauben. Das war am Anfang. Jetzt haben wir:<\/p>\n\n\n\n<p>Neue Stromverbindungen mit Zugang nach au\u00dfen, eine faltbare Solarzelle (schlie\u00dflich fahren wir nur (!) in die Sonne,  biologisch h\u00f6chst vertr\u00e4gliches Zeug f\u00fcr die Toilette, einen Tresor, der aber nicht eingebaut wird und vor allem ein Campingmobil, denn erst hatten wir nur einen Laster. Die deutsche Zulassungsstelle fordert einen fest eingebauten Kocher, sonst wird\u2019s nix mit Wohnen und Mobil! Was soll nur aus all den Jungen Leuten werden, die nicht mehr kochen? Dann auch nix mit Campingmobil.<\/p>\n\n\n\n<p>Na, auf jeden Fall und deswegen haben wir nun zwei Kocher, den alten von RuT und einen neuen fest installierten und 12 Gaskartuschen, denn so waren sie am billigsten (Lorriot l\u00e4sst gr\u00fc\u00dfen). und gebaut hat Gerd auch schon: einen W\u00e4schest\u00e4nder zum anschrauben mit 4 Leinen, falls mal kein Baum in der N\u00e4he ist. Und sollte irgendjemand Fragen haben zu Fahrradtr\u00e4gern f\u00fcr einen VW-Bus, einfach Gerd anrufen. Er kennt jetzt alle Marken, damit auch die hintere Klappe noch aufgeht.<\/p>\n\n\n\n<p>Welche Fragen sind offen geblieben: wo versteckt sich der Wagenheber? Welche Bratpfanne nehmen wir mit? Wieviele Hosen braucht der Mann? Was au\u00dfer dem Salz und Pfeffer darf noch mit auf die Reise? Ist das Scheckheft auch gef\u00fcllt und wo geht\u2019s lang?<\/p>\n\n\n\n<p>Auf jeden Fall erst mal Unkel und Konfirmation mit vollem Bus f\u00fcr Maggi und Uwe (St\u00fchle, Kommode, Bettdecken, Tischw\u00e4sche, alles von Gerds Papa, wir sind froh, dass sie Verwendung haben), dann also Malans und Lago Maggiore.<\/p>\n\n\n\n<p>Und dann sehen wir weiter.<\/p>\n\n\n\n<p><\/p>\n\n\n\n<p><\/p>\n","protected":false},"excerpt":{"rendered":"<p>Noch sitze ich gem\u00fctlich in der Normandie zwischen bl\u00fchenden Apfelb\u00e4umen, wilden Veilchen, zirpenden V\u00f6geln &#8211; sp\u00e4ter auf der Suche nach Osterhasen. Seit drei Wochen haben wir nun den alten Bus von Ruth und Theis (sie haben einen neuen, sch\u00f6nen gro\u00dfen) und Gerd hat, was f\u00fcr ein Gl\u00fcck, ein neues Spielzeug, das seine gesamten bastlerischen F\u00e4higkeiten &hellip; <\/p>\n<p class=\"link-more\"><a href=\"http:\/\/wolfsreise.d-l-w.de\/?p=1135\" class=\"more-link\"><span class=\"screen-reader-text\">\u201eDie Abreise r\u00fcckt n\u00e4her, mit Riesenschritten\u201c<\/span> weiterlesen<\/a><\/p>\n","protected":false},"author":2,"featured_media":0,"comment_status":"open","ping_status":"open","sticky":false,"template":"","format":"standard","meta":{"footnotes":""},"categories":[9],"tags":[],"class_list":["post-1135","post","type-post","status-publish","format-standard","hentry","category-europa-2019"],"_links":{"self":[{"href":"http:\/\/wolfsreise.d-l-w.de\/index.php?rest_route=\/wp\/v2\/posts\/1135"}],"collection":[{"href":"http:\/\/wolfsreise.d-l-w.de\/index.php?rest_route=\/wp\/v2\/posts"}],"about":[{"href":"http:\/\/wolfsreise.d-l-w.de\/index.php?rest_route=\/wp\/v2\/types\/post"}],"author":[{"embeddable":true,"href":"http:\/\/wolfsreise.d-l-w.de\/index.php?rest_route=\/wp\/v2\/users\/2"}],"replies":[{"embeddable":true,"href":"http:\/\/wolfsreise.d-l-w.de\/index.php?rest_route=%2Fwp%2Fv2%2Fcomments&post=1135"}],"version-history":[{"count":3,"href":"http:\/\/wolfsreise.d-l-w.de\/index.php?rest_route=\/wp\/v2\/posts\/1135\/revisions"}],"predecessor-version":[{"id":1143,"href":"http:\/\/wolfsreise.d-l-w.de\/index.php?rest_route=\/wp\/v2\/posts\/1135\/revisions\/1143"}],"wp:attachment":[{"href":"http:\/\/wolfsreise.d-l-w.de\/index.php?rest_route=%2Fwp%2Fv2%2Fmedia&parent=1135"}],"wp:term":[{"taxonomy":"category","embeddable":true,"href":"http:\/\/wolfsreise.d-l-w.de\/index.php?rest_route=%2Fwp%2Fv2%2Fcategories&post=1135"},{"taxonomy":"post_tag","embeddable":true,"href":"http:\/\/wolfsreise.d-l-w.de\/index.php?rest_route=%2Fwp%2Fv2%2Ftags&post=1135"}],"curies":[{"name":"wp","href":"https:\/\/api.w.org\/{rel}","templated":true}]}}