{"id":1066,"date":"2018-06-29T23:30:52","date_gmt":"2018-06-29T21:30:52","guid":{"rendered":"http:\/\/wolfsreise.d-l-w.de\/?p=1066"},"modified":"2018-07-05T00:03:44","modified_gmt":"2018-07-04T22:03:44","slug":"triest-und-das-meer-eine-laute-stadt-des-suedens","status":"publish","type":"post","link":"http:\/\/wolfsreise.d-l-w.de\/?p=1066","title":{"rendered":"Triest und das Meer: eine laute Stadt des S\u00fcdens"},"content":{"rendered":"<p>Fast alles ist zu Fu\u00df zu erreichen, dennoch \u00fcberall Autos, Mopeds, Roller in ach so schmalen Stra\u00dfen. Und dass, obwohl der \u00f6ffentliche Nahverkehr gut ausgebaut scheint. Wir werden das testen.<\/p>\n<p>Nat\u00fcrlich erwandern wir alle Sehensw\u00fcrdigkeiten, die unser Reisef\u00fchrer f\u00fcr uns vorgesehen hat. Und wir streifen durch kleine Gassen, sehen winzige Gesch\u00e4fte, steigen Treppen raus und runter, wissen nicht in welchem der zahllosen Kaffees wir unseren nehmen sollen und sitzen auf der Hafenmole. Die Zeit pl\u00e4tschert dahin.<\/p>\n<p>Venedig-Feeling kommt auf und auch Lissabon. <a href=\"http:\/\/wolfsreise.d-l-w.de\/?attachment_id=1075\" rel=\"attachment wp-att-1075\"><img loading=\"lazy\" decoding=\"async\" class=\"alignnone size-medium wp-image-1075\" src=\"http:\/\/wolfsreise.d-l-w.de\/wp-content\/uploads\/2018\/07\/IMG_3643-e1530741366731-300x225.jpg\" alt=\"\" width=\"300\" height=\"225\" srcset=\"http:\/\/wolfsreise.d-l-w.de\/wp-content\/uploads\/2018\/07\/IMG_3643-e1530741366731-300x225.jpg 300w, http:\/\/wolfsreise.d-l-w.de\/wp-content\/uploads\/2018\/07\/IMG_3643-e1530741366731-150x113.jpg 150w, http:\/\/wolfsreise.d-l-w.de\/wp-content\/uploads\/2018\/07\/IMG_3643-e1530741366731.jpg 640w\" sizes=\"(max-width: 300px) 100vw, 300px\" \/>\u00a0<\/a><a href=\"http:\/\/wolfsreise.d-l-w.de\/?attachment_id=1076\" rel=\"attachment wp-att-1076\"><img loading=\"lazy\" decoding=\"async\" class=\"alignnone size-medium wp-image-1076\" src=\"http:\/\/wolfsreise.d-l-w.de\/wp-content\/uploads\/2018\/07\/IMG_3647-300x247.jpg\" alt=\"\" width=\"300\" height=\"247\" srcset=\"http:\/\/wolfsreise.d-l-w.de\/wp-content\/uploads\/2018\/07\/IMG_3647-300x247.jpg 300w, http:\/\/wolfsreise.d-l-w.de\/wp-content\/uploads\/2018\/07\/IMG_3647-150x123.jpg 150w, http:\/\/wolfsreise.d-l-w.de\/wp-content\/uploads\/2018\/07\/IMG_3647.jpg 640w\" sizes=\"(max-width: 300px) 100vw, 300px\" \/><\/a><\/p>\n<p>All diese St\u00e4dte zum Meer hin offen, laden mit ihren gro\u00dfen Pl\u00e4tzen fremde Besucher, H\u00e4ndler und Kaufleute ein; heute vor allem Touristen. Und alle haben &#8222;schon wichtigere Epochen&#8220; hinter sich. Auch in Triest ist der Verfall vieler H\u00e4user nicht zu \u00fcbersehen, gepaart mit Luxussanierung und gepfefferten Preisen f\u00fcr Solschenizyns Immobilien.<\/p>\n<p><a href=\"http:\/\/wolfsreise.d-l-w.de\/?attachment_id=1077\" rel=\"attachment wp-att-1077\"><img loading=\"lazy\" decoding=\"async\" class=\"alignnone size-medium wp-image-1077\" src=\"http:\/\/wolfsreise.d-l-w.de\/wp-content\/uploads\/2018\/07\/IMG_3670-300x225.jpg\" alt=\"\" width=\"300\" height=\"225\" srcset=\"http:\/\/wolfsreise.d-l-w.de\/wp-content\/uploads\/2018\/07\/IMG_3670-300x225.jpg 300w, http:\/\/wolfsreise.d-l-w.de\/wp-content\/uploads\/2018\/07\/IMG_3670-150x113.jpg 150w, http:\/\/wolfsreise.d-l-w.de\/wp-content\/uploads\/2018\/07\/IMG_3670.jpg 640w\" sizes=\"(max-width: 300px) 100vw, 300px\" \/><\/a><\/p>\n<p>Die Wohnung, die wir gemietet haben, geh\u00f6rt zu letzterem. Ein Spekulationsobjekt, jetzt Eigentumswohnungen, von denen noch nicht alle verkauft sind und ein Haus, in dem die Sanierung nicht fertig geworden ist. Aber wir wohnen in einem Ikea-Traum in wei\u00df. Alles ist wei\u00df: von der K\u00fcche \u00fcber das Bad bis hin zu den Betten und Schr\u00e4nken in den Schlafzimmern. Was es so alles gibt in dem gro\u00dfen M\u00f6belhaus &#8230; dabei gibt es so nette Antiquit\u00e4tenl\u00e4den hier und. Nicht mal teuer &#8230;<\/p>\n","protected":false},"excerpt":{"rendered":"<p>Fast alles ist zu Fu\u00df zu erreichen, dennoch \u00fcberall Autos, Mopeds, Roller in ach so schmalen Stra\u00dfen. Und dass, obwohl der \u00f6ffentliche Nahverkehr gut ausgebaut scheint. Wir werden das testen. Nat\u00fcrlich erwandern wir alle Sehensw\u00fcrdigkeiten, die unser Reisef\u00fchrer f\u00fcr uns vorgesehen hat. Und wir streifen durch kleine Gassen, sehen winzige Gesch\u00e4fte, steigen Treppen raus und &hellip; <\/p>\n<p class=\"link-more\"><a href=\"http:\/\/wolfsreise.d-l-w.de\/?p=1066\" class=\"more-link\"><span class=\"screen-reader-text\">\u201eTriest und das Meer: eine laute Stadt des S\u00fcdens\u201c<\/span> weiterlesen<\/a><\/p>\n","protected":false},"author":1,"featured_media":0,"comment_status":"open","ping_status":"open","sticky":false,"template":"","format":"standard","meta":{"footnotes":""},"categories":[7],"tags":[],"class_list":["post-1066","post","type-post","status-publish","format-standard","hentry","category-italienische-impressionen"],"_links":{"self":[{"href":"http:\/\/wolfsreise.d-l-w.de\/index.php?rest_route=\/wp\/v2\/posts\/1066"}],"collection":[{"href":"http:\/\/wolfsreise.d-l-w.de\/index.php?rest_route=\/wp\/v2\/posts"}],"about":[{"href":"http:\/\/wolfsreise.d-l-w.de\/index.php?rest_route=\/wp\/v2\/types\/post"}],"author":[{"embeddable":true,"href":"http:\/\/wolfsreise.d-l-w.de\/index.php?rest_route=\/wp\/v2\/users\/1"}],"replies":[{"embeddable":true,"href":"http:\/\/wolfsreise.d-l-w.de\/index.php?rest_route=%2Fwp%2Fv2%2Fcomments&post=1066"}],"version-history":[{"count":4,"href":"http:\/\/wolfsreise.d-l-w.de\/index.php?rest_route=\/wp\/v2\/posts\/1066\/revisions"}],"predecessor-version":[{"id":1101,"href":"http:\/\/wolfsreise.d-l-w.de\/index.php?rest_route=\/wp\/v2\/posts\/1066\/revisions\/1101"}],"wp:attachment":[{"href":"http:\/\/wolfsreise.d-l-w.de\/index.php?rest_route=%2Fwp%2Fv2%2Fmedia&parent=1066"}],"wp:term":[{"taxonomy":"category","embeddable":true,"href":"http:\/\/wolfsreise.d-l-w.de\/index.php?rest_route=%2Fwp%2Fv2%2Fcategories&post=1066"},{"taxonomy":"post_tag","embeddable":true,"href":"http:\/\/wolfsreise.d-l-w.de\/index.php?rest_route=%2Fwp%2Fv2%2Ftags&post=1066"}],"curies":[{"name":"wp","href":"https:\/\/api.w.org\/{rel}","templated":true}]}}