{"id":1050,"date":"2018-07-02T10:07:29","date_gmt":"2018-07-02T08:07:29","guid":{"rendered":"http:\/\/wolfsreise.d-l-w.de\/?p=1050"},"modified":"2018-07-02T17:59:08","modified_gmt":"2018-07-02T15:59:08","slug":"im-karst","status":"publish","type":"post","link":"http:\/\/wolfsreise.d-l-w.de\/?p=1050","title":{"rendered":"Im Karst"},"content":{"rendered":"<p>Nach einer kurzen Zeit in Triest und dem Leben in der gro\u00dfen Stadt machen wir einen Ausflug ins &#8222;Hinterland&#8220;. Ruhe umgibt uns, Steineichenw\u00e4ldchen, Lichtungen, kein Vieh auf den kleinen Weiden, wenige Weinst\u00f6cke, nichts st\u00f6rt die gro\u00dfe Ruhe. Die wenigen Bewohner dr\u00e4ngen sich in kleinen D\u00f6rfchen, sitzen im einzigen Kaffee am Ort. Es ist Sonntag. Schon am fr\u00fchen Mittag steht der Prosecco neben dem Aperol auf den Tischen und man plaudert, f\u00fchrt den Hund aus, t\u00e4uscht Zigaretten. Und lieber noch einen Drink.<\/p>\n<p>Wir besuchen die einsame Kirche &#8222;Sant. di Monrupino&#8220;. Ein Einsiedlerplatz, Kirchlein oben drauf, zwei kleine Wohnh\u00e4user, alles aus dem Karst gehauen. Die D\u00e4cher mit schweren Steinplatten gedeckt, kein Hund, keine Katze begr\u00fc\u00dfen uns, nur das Meer in der Ferne leuchtet heute T\u00fcrkis. Niemand stapft herum, gut es ist Sonntag und Mittag, da hat die gute italienische Familie anderes zu tun: essen und trinken im Kreis der Familie, Siesta und erst abends beginnt das &#8222;pralle&#8220; leben auf den Stra\u00dfen, in den Caf\u00e9s und Bars. Es gibt dann 3 Lieblingsgetr\u00e4nke: Prosecco, Aperol Spritz und Wei\u00dfwein als Schorle mit viel Eis.<\/p>\n<p>Wir kurven noch ein bi\u00dfchen im Karst herum und landen in Duino, noch einem Schlo\u00dfkomplex der der italienischen Linie von Thurn und Taxis geh\u00f6rt. Alles ganz nett. Aber wer hat den Deutschen erlaubt in den Schlo\u00dffelsen einen Bunker zu graben? 1943, selbstverst\u00e4ndlich mit sog. Kriegsgefangenen, um einen erwarteten Angriff der Alliierten abzuwehren? Gezeigt wird \u201eKriegskunst\u201c, Waffen, Uniformen, sch\u00f6n bunt und die Leistungen der Befehlshaber. Von Toten ist hier nichts zu sehen. Aber: das war ja schon im KZ Risiera di San Sabbo!<\/p>\n","protected":false},"excerpt":{"rendered":"<p>Nach einer kurzen Zeit in Triest und dem Leben in der gro\u00dfen Stadt machen wir einen Ausflug ins &#8222;Hinterland&#8220;. Ruhe umgibt uns, Steineichenw\u00e4ldchen, Lichtungen, kein Vieh auf den kleinen Weiden, wenige Weinst\u00f6cke, nichts st\u00f6rt die gro\u00dfe Ruhe. Die wenigen Bewohner dr\u00e4ngen sich in kleinen D\u00f6rfchen, sitzen im einzigen Kaffee am Ort. Es ist Sonntag. Schon &hellip; <\/p>\n<p class=\"link-more\"><a href=\"http:\/\/wolfsreise.d-l-w.de\/?p=1050\" class=\"more-link\"><span class=\"screen-reader-text\">\u201eIm Karst\u201c<\/span> weiterlesen<\/a><\/p>\n","protected":false},"author":2,"featured_media":0,"comment_status":"open","ping_status":"open","sticky":false,"template":"","format":"standard","meta":{"footnotes":""},"categories":[7],"tags":[],"class_list":["post-1050","post","type-post","status-publish","format-standard","hentry","category-italienische-impressionen"],"_links":{"self":[{"href":"http:\/\/wolfsreise.d-l-w.de\/index.php?rest_route=\/wp\/v2\/posts\/1050"}],"collection":[{"href":"http:\/\/wolfsreise.d-l-w.de\/index.php?rest_route=\/wp\/v2\/posts"}],"about":[{"href":"http:\/\/wolfsreise.d-l-w.de\/index.php?rest_route=\/wp\/v2\/types\/post"}],"author":[{"embeddable":true,"href":"http:\/\/wolfsreise.d-l-w.de\/index.php?rest_route=\/wp\/v2\/users\/2"}],"replies":[{"embeddable":true,"href":"http:\/\/wolfsreise.d-l-w.de\/index.php?rest_route=%2Fwp%2Fv2%2Fcomments&post=1050"}],"version-history":[{"count":2,"href":"http:\/\/wolfsreise.d-l-w.de\/index.php?rest_route=\/wp\/v2\/posts\/1050\/revisions"}],"predecessor-version":[{"id":1058,"href":"http:\/\/wolfsreise.d-l-w.de\/index.php?rest_route=\/wp\/v2\/posts\/1050\/revisions\/1058"}],"wp:attachment":[{"href":"http:\/\/wolfsreise.d-l-w.de\/index.php?rest_route=%2Fwp%2Fv2%2Fmedia&parent=1050"}],"wp:term":[{"taxonomy":"category","embeddable":true,"href":"http:\/\/wolfsreise.d-l-w.de\/index.php?rest_route=%2Fwp%2Fv2%2Fcategories&post=1050"},{"taxonomy":"post_tag","embeddable":true,"href":"http:\/\/wolfsreise.d-l-w.de\/index.php?rest_route=%2Fwp%2Fv2%2Ftags&post=1050"}],"curies":[{"name":"wp","href":"https:\/\/api.w.org\/{rel}","templated":true}]}}